{"id":786,"date":"2026-03-08T15:38:22","date_gmt":"2026-03-08T15:38:22","guid":{"rendered":"https:\/\/dr-paturel-julien.fr\/?p=786"},"modified":"2026-03-08T20:21:34","modified_gmt":"2026-03-08T20:21:34","slug":"le-depistage-orthodontique","status":"publish","type":"post","link":"https:\/\/dr-paturel-julien.fr\/index.php\/2026\/03\/08\/le-depistage-orthodontique\/","title":{"rendered":"Le d\u00e9pistage orthodontique"},"content":{"rendered":"<p>[et_pb_section fb_built=\u00a0\u00bb1&Prime; admin_label=\u00a0\u00bbsection\u00a0\u00bb _builder_version=\u00a0\u00bb4.16&Prime; global_colors_info=\u00a0\u00bb{}\u00a0\u00bb][et_pb_row admin_label=\u00a0\u00bbrow\u00a0\u00bb _builder_version=\u00a0\u00bb4.27.4&Prime; background_size=\u00a0\u00bbinitial\u00a0\u00bb background_position=\u00a0\u00bbtop_left\u00a0\u00bb background_repeat=\u00a0\u00bbrepeat\u00a0\u00bb custom_margin=\u00a0\u00bb-84px||||false|false\u00a0\u00bb global_colors_info=\u00a0\u00bb{}\u00a0\u00bb][et_pb_column type=\u00a0\u00bb4_4&Prime; _builder_version=\u00a0\u00bb4.16&Prime; custom_padding=\u00a0\u00bb|||\u00a0\u00bb global_colors_info=\u00a0\u00bb{}\u00a0\u00bb custom_padding__hover=\u00a0\u00bb|||\u00a0\u00bb][et_pb_image src=\u00a0\u00bbhttps:\/\/dr-paturel-julien.fr\/wp-content\/uploads\/2026\/03\/depistage-banner.png\u00a0\u00bb alt=\u00a0\u00bbd\u00e9pistage orthodontique\u00a0\u00bb title_text=\u00a0\u00bbdepistage-banner\u00a0\u00bb url=\u00a0\u00bbhttps:\/\/dr-paturel-julien.fr\/index.php\/depistage-orthodontique\/\u00a0\u00bb url_new_window=\u00a0\u00bbon\u00a0\u00bb align=\u00a0\u00bbcenter\u00a0\u00bb _builder_version=\u00a0\u00bb4.27.6&Prime; _module_preset=\u00a0\u00bbdefault\u00a0\u00bb global_colors_info=\u00a0\u00bb{}\u00a0\u00bb][\/et_pb_image][et_pb_text admin_label=\u00a0\u00bbTexte\u00a0\u00bb _builder_version=\u00a0\u00bb4.27.6&Prime; _module_preset=\u00a0\u00bbdefault\u00a0\u00bb text_text_color=\u00a0\u00bb#000000&Prime; text_font_size=\u00a0\u00bb16px\u00a0\u00bb global_colors_info=\u00a0\u00bb{}\u00a0\u00bb]<\/p>\n<h2 style=\"text-align: justify;\">Vous vous interrogez sur l&rsquo;alignement dentaire de votre enfant ou sur votre propre situation ?<\/h2>\n<p>&nbsp;<\/p>\n<h2 class=\"serp-title\">Le d\u00e9pistage orthodontique<\/h2>\n<p>&nbsp;<\/p>\n<p style=\"text-align: justify;\">Le Dr Julien Paturel met d\u00e9sormais \u00e0 votre disposition un questionnaire de d\u00e9pistage orthodontique, accessible directement en ligne et enti\u00e8rement gratuit. En r\u00e9pondant \u00e0 quelques questions simples \u2014 habitudes, sommeil, ant\u00e9c\u00e9dents ORL \u2014 vous obtenez en quelques secondes une \u00e9valuation de votre niveau de risque. Cet outil ne remplace pas un examen clinique, mais vous permet de savoir si une consultation serait utile.<\/p>\n<p style=\"text-align: justify;\"><span style=\"color: #800000;\"><a style=\"color: #800000;\" href=\"https:\/\/dr-paturel-julien.fr\/index.php\/depistage-orthodontique\/\" target=\"_blank\" rel=\"noopener\">Acc\u00e9dez au questionnaire.<\/a><\/span><\/p>\n<p>[\/et_pb_text][et_pb_image src=\u00a0\u00bbhttps:\/\/dr-paturel-julien.fr\/wp-content\/uploads\/2025\/02\/doctolib.jpg\u00a0\u00bb alt=\u00a0\u00bbDoctolib Julien Paturel Chirurgien Dentiste\u00a0\u00bb title_text=\u00a0\u00bbdDoctolib Julien Paturel Chirurgien Dentisteoctolib\u00a0\u00bb url=\u00a0\u00bbhttp:\/\/Hygi\u00e8ne%20Orale%20en%20Orthodontie\u00a0\u00bb url_new_window=\u00a0\u00bbon\u00a0\u00bb _builder_version=\u00a0\u00bb4.27.4&Prime; _module_preset=\u00a0\u00bbdefault\u00a0\u00bb global_colors_info=\u00a0\u00bb{}\u00a0\u00bb][\/et_pb_image][et_pb_image src=\u00a0\u00bbhttps:\/\/dr-paturel-julien.fr\/wp-content\/uploads\/2026\/02\/picto-julien-fon-bleu.png\u00a0\u00bb alt=\u00a0\u00bbLe dossier de transfert orthodontique\u00a0\u00bb title_text=\u00a0\u00bbpicto julien fon bleu\u00a0\u00bb url=\u00a0\u00bbhttps:\/\/dr-paturel-julien.fr\/index.php\/premiere-visite-au-cabinet-a-bois-guillaume\/\u00a0\u00bb _builder_version=\u00a0\u00bb4.27.5&Prime; _module_preset=\u00a0\u00bbdefault\u00a0\u00bb width=\u00a0\u00bb150px\u00a0\u00bb global_colors_info=\u00a0\u00bb{}\u00a0\u00bb][\/et_pb_image][\/et_pb_column][\/et_pb_row][\/et_pb_section]<\/p>\n","protected":false},"excerpt":{"rendered":"<p>Le dossier de transfert orthodontique<\/p>\n","protected":false},"author":2,"featured_media":815,"comment_status":"closed","ping_status":"open","sticky":false,"template":"","format":"standard","meta":{"_et_pb_use_builder":"on","_et_pb_old_content":"<!-- wp:paragraph -->\r\n<p><img class=\"alignnone size-full wp-image-379\" src=\"https:\/\/dr-paturel-julien.fr\/wp-content\/uploads\/2025\/02\/Quadrhelix.jpg\" alt=\"\" width=\"250\" height=\"156\" \/><\/p>\r\n<div id=\"head\">\r\n<h2 class=\"title\"><span style=\"color: #666666; font-size: 14px;\">La plaque d'expansion maxillaire : un dispositif cl\u00e9 en orthodontie<\/span><\/h2>\r\n<div class=\"article-authors\">\r\n<p>La plaque d'expansion maxillaire est un appareil amovible utilis\u00e9 en orthodontie pour \u00e9largir le palais et corriger les dysmorphoses maxillaires. Elle est principalement indiqu\u00e9e chez l\u2019enfant en croissance afin d\u2019optimiser le d\u00e9veloppement transversal du maxillaire sup\u00e9rieur.<\/p>\r\n<p>Compos\u00e9e d\u2019une base en r\u00e9sine et d\u2019un v\u00e9rin d\u2019expansion activ\u00e9 progressivement, elle permet d\u2019exercer une pression douce sur les sutures palatines, favorisant ainsi une expansion harmonieuse. Cette technique est particuli\u00e8rement efficace dans le traitement des cas de constriction maxillaire, de b\u00e9ances post\u00e9rieures ou encore d\u2019encombrement dentaire.<\/p>\r\n<p>Le succ\u00e8s du traitement repose sur une bonne coop\u00e9ration du patient, qui doit porter l\u2019appareil r\u00e9guli\u00e8rement et activer le v\u00e9rin selon les recommandations du praticien. Une phase de contention est souvent n\u00e9cessaire apr\u00e8s l\u2019expansion pour stabiliser les r\u00e9sultats obtenus.<\/p>\r\n<p>Gr\u00e2ce \u00e0 son action pr\u00e9coce, la plaque d\u2019expansion maxillaire permet d\u2019\u00e9viter des traitements plus invasifs \u00e0 l\u2019\u00e2ge adulte, comme la chirurgie orthognathique. Elle constitue ainsi une solution efficace et peu contraignante pour am\u00e9liorer l\u2019alignement dentaire et l\u2019\u00e9quilibre des structures\u00a0oro-faciales.<\/p>\r\n<\/div>\r\n<\/div>\r\n<!-- \/wp:paragraph -->","_et_gb_content_width":"","h5ap_radio_sources":[],"footnotes":""},"categories":[1],"tags":[],"class_list":["post-786","post","type-post","status-publish","format-standard","has-post-thumbnail","hentry","category-orthodontie"],"_links":{"self":[{"href":"https:\/\/dr-paturel-julien.fr\/index.php\/wp-json\/wp\/v2\/posts\/786","targetHints":{"allow":["GET"]}}],"collection":[{"href":"https:\/\/dr-paturel-julien.fr\/index.php\/wp-json\/wp\/v2\/posts"}],"about":[{"href":"https:\/\/dr-paturel-julien.fr\/index.php\/wp-json\/wp\/v2\/types\/post"}],"author":[{"embeddable":true,"href":"https:\/\/dr-paturel-julien.fr\/index.php\/wp-json\/wp\/v2\/users\/2"}],"replies":[{"embeddable":true,"href":"https:\/\/dr-paturel-julien.fr\/index.php\/wp-json\/wp\/v2\/comments?post=786"}],"version-history":[{"count":12,"href":"https:\/\/dr-paturel-julien.fr\/index.php\/wp-json\/wp\/v2\/posts\/786\/revisions"}],"predecessor-version":[{"id":813,"href":"https:\/\/dr-paturel-julien.fr\/index.php\/wp-json\/wp\/v2\/posts\/786\/revisions\/813"}],"wp:featuredmedia":[{"embeddable":true,"href":"https:\/\/dr-paturel-julien.fr\/index.php\/wp-json\/wp\/v2\/media\/815"}],"wp:attachment":[{"href":"https:\/\/dr-paturel-julien.fr\/index.php\/wp-json\/wp\/v2\/media?parent=786"}],"wp:term":[{"taxonomy":"category","embeddable":true,"href":"https:\/\/dr-paturel-julien.fr\/index.php\/wp-json\/wp\/v2\/categories?post=786"},{"taxonomy":"post_tag","embeddable":true,"href":"https:\/\/dr-paturel-julien.fr\/index.php\/wp-json\/wp\/v2\/tags?post=786"}],"curies":[{"name":"wp","href":"https:\/\/api.w.org\/{rel}","templated":true}]}}